{"id":246,"date":"2021-10-28T15:12:38","date_gmt":"2021-10-28T13:12:38","guid":{"rendered":"http:\/\/horserie.fr\/?p=246"},"modified":"2021-10-28T15:12:38","modified_gmt":"2021-10-28T13:12:38","slug":"alana-et-la-cite-dopale-le-nouveau-spectacle-de-noel-des-grandes-ecuries-de-chantilly","status":"publish","type":"post","link":"http:\/\/horserie.fr\/index.php\/2021\/10\/28\/alana-et-la-cite-dopale-le-nouveau-spectacle-de-noel-des-grandes-ecuries-de-chantilly\/","title":{"rendered":"&#8220;Alana et la Cit\u00e9 d&#8217;Opale&#8221;, le nouveau spectacle de No\u00ebl des Grandes Ecuries de Chantilly."},"content":{"rendered":"\n<p class=\"has-drop-cap\">Apr\u00e8s une saison 2020 tristement teint\u00e9e par le Covid, il est temps de renouer avec l&#8217;art et les spectacles \u00e9questres des Grandes Ecuries de Chantilly. Ecrit et mis en sc\u00e8ne par Virginie Bienaim\u00e9-Mouzy, &#8220;Alana et la Cit\u00e9 d&#8217;Opale&#8221; retrace l&#8217;itin\u00e9raire d&#8217;une <strong>jeune fille libre, qui lutte pour la condition des femmes et m\u00e8ne une guerre \u00e9cologique engag\u00e9e<\/strong>. L&#8217;air du temps vous dites? <\/p>\n\n\n\n<p><\/p>\n\n\n\n<p><br>&#8220;Alana et la cit\u00e9 d&#8217;Opale&#8221; est un conte f\u00e9\u00e9rique retra\u00e7ant l&#8217;histoire d&#8217;une jeune fille en qu\u00eate d&#8217;affirmation. Elle nous emm\u00e8nera avec elle dans un incroyable voyage allant des montagnes de l&#8217;Ouest aux for\u00eats luxuriantes. <\/p>\n\n\n\n<p><br>Ce conte retrace l&#8217;histoire de notre h\u00e9ro\u00efne, Alana, qui fuit un mariage forc\u00e9 et avec lui sa condition de femme au sein d&#8217;une soci\u00e9t\u00e9 patriarcale.<br> Fille du chef de son village, elle d\u00e9cide de devenir actrice de son destin et non pas le subir. Elle ira \u00e0 la rencontre des amazones-pr\u00eatresses de la cit\u00e9 d&#8217;Opale, en s&#8217;impr\u00e9gnant de certains <strong>principes tolt\u00e8ques,<\/strong> pour se former physiquement et mentalement et ainsi grandir.<\/p>\n\n\n\n<figure class=\"wp-block-image size-large\"><img loading=\"lazy\" width=\"1024\" height=\"683\" src=\"http:\/\/horserie.fr\/wp-content\/uploads\/2021\/10\/Alana-2021-14-1024x683.png\" alt=\"\" class=\"wp-image-250\" srcset=\"http:\/\/horserie.fr\/wp-content\/uploads\/2021\/10\/Alana-2021-14-1024x683.png 1024w, http:\/\/horserie.fr\/wp-content\/uploads\/2021\/10\/Alana-2021-14-300x200.png 300w, http:\/\/horserie.fr\/wp-content\/uploads\/2021\/10\/Alana-2021-14-768x512.png 768w, http:\/\/horserie.fr\/wp-content\/uploads\/2021\/10\/Alana-2021-14-1536x1024.png 1536w, http:\/\/horserie.fr\/wp-content\/uploads\/2021\/10\/Alana-2021-14-2048x1365.png 2048w, http:\/\/horserie.fr\/wp-content\/uploads\/2021\/10\/Alana-2021-14-1080x720.png 1080w\" sizes=\"(max-width: 1024px) 100vw, 1024px\" \/><\/figure>\n\n\n\n<p>Une fois form\u00e9e, notre h\u00e9ro\u00efne va revenir dans son village pour <strong>combattre la d\u00e9forestation, transmettre ses savoirs et influencer les puissants.\u00a0<\/strong>Une v\u00e9ritable claque subtilement racont\u00e9e, permettant ainsi \u00e0 petits et grands de s&#8217;\u00e9merveiller au fil des tableaux. <br><\/p>\n\n\n\n<p><\/p>\n\n\n\n<figure class=\"wp-block-image size-large\"><img loading=\"lazy\" width=\"1024\" height=\"731\" src=\"http:\/\/horserie.fr\/wp-content\/uploads\/2021\/10\/Alana-2021-36-1024x731.png\" alt=\"\" class=\"wp-image-248\" srcset=\"http:\/\/horserie.fr\/wp-content\/uploads\/2021\/10\/Alana-2021-36-1024x731.png 1024w, http:\/\/horserie.fr\/wp-content\/uploads\/2021\/10\/Alana-2021-36-300x214.png 300w, http:\/\/horserie.fr\/wp-content\/uploads\/2021\/10\/Alana-2021-36-768x549.png 768w, http:\/\/horserie.fr\/wp-content\/uploads\/2021\/10\/Alana-2021-36-1536x1097.png 1536w, http:\/\/horserie.fr\/wp-content\/uploads\/2021\/10\/Alana-2021-36-2048x1463.png 2048w, http:\/\/horserie.fr\/wp-content\/uploads\/2021\/10\/Alana-2021-36-1080x771.png 1080w\" sizes=\"(max-width: 1024px) 100vw, 1024px\" \/><\/figure>\n\n\n\n<p>On ressent les influences d&#8217;h\u00e9ro\u00efnes qui prennent leurs destins en main, telles que <em>Mulan<\/em> ou encore <em>Princesses Mononok\u00e9<\/em> sur fonds de coutumes am\u00e9rindiennes. Rondement men\u00e9, l&#8217;heure de magie passe en un claquement de doigts. <\/p>\n\n\n\n<p>Evidemment on ne peut \u00e9voquer ce spectacle sans parler surtout des chevaux, \u00e2nes, poneys mais aussi acrobates &#8211; \u00e0 cheval et \u00e0 pieds-, com\u00e9diens et danseurs qui donnent vie \u00e0 cette univers. <\/p>\n\n\n\n<figure class=\"wp-block-image size-large\"><img loading=\"lazy\" width=\"1024\" height=\"732\" src=\"http:\/\/horserie.fr\/wp-content\/uploads\/2021\/10\/Alana-2021-71-1024x732.png\" alt=\"\" class=\"wp-image-252\" srcset=\"http:\/\/horserie.fr\/wp-content\/uploads\/2021\/10\/Alana-2021-71-1024x732.png 1024w, http:\/\/horserie.fr\/wp-content\/uploads\/2021\/10\/Alana-2021-71-300x214.png 300w, http:\/\/horserie.fr\/wp-content\/uploads\/2021\/10\/Alana-2021-71-768x549.png 768w, http:\/\/horserie.fr\/wp-content\/uploads\/2021\/10\/Alana-2021-71-1536x1097.png 1536w, http:\/\/horserie.fr\/wp-content\/uploads\/2021\/10\/Alana-2021-71-2048x1463.png 2048w, http:\/\/horserie.fr\/wp-content\/uploads\/2021\/10\/Alana-2021-71-1080x772.png 1080w\" sizes=\"(max-width: 1024px) 100vw, 1024px\" \/><\/figure>\n\n\n\n<p><\/p>\n\n\n\n<p><\/p>\n\n\n\n<p class=\"has-text-align-center\"><strong>Alana et la Cit\u00e9 d\u2019Opale<\/strong><br>Spectacle \u00e0 14h30 et 16h30<br>Dur\u00e9e : 1 heure<br>\u00c0 partir de 3 ans<br><strong>D\u00f4me des Grandes \u00c9curies<\/strong><br>Dates des spectacles :<br>Novembre : 27, 28 et 29<br>D\u00e9cembre : 1er, 2 ,4 5, 6, 8, 9, 11,12, 13, 14, 15, 16, 18,19, 20, 22, 23, 24, 26, 27, 28, 29, 30, 31 et 2 janvier<\/p>\n\n\n\n<p class=\"has-text-align-center\"><strong>Tarifs<\/strong><br>Billet Spectacle (Grandes \u00c9curies \/ Mus\u00e9e du Cheval + spectacle)<br>Plein tarif : 24\u20ac \/ Tarif r\u00e9duit (3-17 ans) : 19\u20ac<br>Billet 1 Jour + Spectacle (ch\u00e2teau, parc, grandes \u00e9curies + spectacle)<br>Plein tarif : 30\u20ac \/ Tarif r\u00e9duit (3-17 ans) : 24\u20ac<\/p>\n","protected":false},"excerpt":{"rendered":"<p>Apr\u00e8s une saison 2020 tristement teint\u00e9e par le Covid, il est temps de renouer avec l&#8217;art et les spectacles \u00e9questres des Grandes Ecuries de Chantilly. Ecrit et mis en sc\u00e8ne par Virginie Bienaim\u00e9-Mouzy, &#8220;Alana et la Cit\u00e9 d&#8217;Opale&#8221; retrace l&#8217;itin\u00e9raire d&#8217;une jeune fille libre, qui lutte pour la condition des femmes et m\u00e8ne une guerre \u00e9cologique engag\u00e9e. L&#8217;air du temps vous dites? &#8220;Alana et la cit\u00e9 d&#8217;Opale&#8221; est un conte f\u00e9\u00e9rique retra\u00e7ant l&#8217;histoire d&#8217;une jeune fille en qu\u00eate d&#8217;affirmation. Elle nous emm\u00e8nera avec elle dans un incroyable voyage allant des montagnes de l&#8217;Ouest aux for\u00eats luxuriantes. Ce conte retrace l&#8217;histoire de notre h\u00e9ro\u00efne, Alana, qui fuit un mariage forc\u00e9 et avec lui sa condition de femme au sein d&#8217;une soci\u00e9t\u00e9 patriarcale. Fille du chef de son village, elle d\u00e9cide de devenir actrice de son destin et non pas le subir. Elle ira \u00e0 la rencontre des amazones-pr\u00eatresses de la cit\u00e9 d&#8217;Opale, en s&#8217;impr\u00e9gnant de certains principes tolt\u00e8ques, pour se former physiquement et mentalement et ainsi grandir. Une fois form\u00e9e, notre h\u00e9ro\u00efne va revenir dans son village pour combattre la d\u00e9forestation, transmettre ses savoirs et influencer les puissants.\u00a0Une v\u00e9ritable claque subtilement racont\u00e9e, permettant ainsi \u00e0 petits et grands de s&#8217;\u00e9merveiller au [&hellip;]<\/p>\n","protected":false},"author":1,"featured_media":247,"comment_status":"open","ping_status":"open","sticky":false,"template":"","format":"standard","meta":[],"categories":[8,49],"tags":[53,56,54,28,55,57,52],"_links":{"self":[{"href":"http:\/\/horserie.fr\/index.php\/wp-json\/wp\/v2\/posts\/246"}],"collection":[{"href":"http:\/\/horserie.fr\/index.php\/wp-json\/wp\/v2\/posts"}],"about":[{"href":"http:\/\/horserie.fr\/index.php\/wp-json\/wp\/v2\/types\/post"}],"author":[{"embeddable":true,"href":"http:\/\/horserie.fr\/index.php\/wp-json\/wp\/v2\/users\/1"}],"replies":[{"embeddable":true,"href":"http:\/\/horserie.fr\/index.php\/wp-json\/wp\/v2\/comments?post=246"}],"version-history":[{"count":4,"href":"http:\/\/horserie.fr\/index.php\/wp-json\/wp\/v2\/posts\/246\/revisions"}],"predecessor-version":[{"id":254,"href":"http:\/\/horserie.fr\/index.php\/wp-json\/wp\/v2\/posts\/246\/revisions\/254"}],"wp:featuredmedia":[{"embeddable":true,"href":"http:\/\/horserie.fr\/index.php\/wp-json\/wp\/v2\/media\/247"}],"wp:attachment":[{"href":"http:\/\/horserie.fr\/index.php\/wp-json\/wp\/v2\/media?parent=246"}],"wp:term":[{"taxonomy":"category","embeddable":true,"href":"http:\/\/horserie.fr\/index.php\/wp-json\/wp\/v2\/categories?post=246"},{"taxonomy":"post_tag","embeddable":true,"href":"http:\/\/horserie.fr\/index.php\/wp-json\/wp\/v2\/tags?post=246"}],"curies":[{"name":"wp","href":"https:\/\/api.w.org\/{rel}","templated":true}]}}